{"id":2989,"date":"2023-05-31T15:12:29","date_gmt":"2023-05-31T13:12:29","guid":{"rendered":"https:\/\/novae.ch\/actualite\/charte-du-terroir-fribourg-cuisinons-notre-region\/"},"modified":"2023-07-11T15:50:27","modified_gmt":"2023-07-11T13:50:27","slug":"fribourgs-regional-charter-cuisinons-notre-region-lets-cook-locally","status":"publish","type":"news","link":"https:\/\/novae.ch\/en\/actualite\/fribourgs-regional-charter-cuisinons-notre-region-lets-cook-locally\/","title":{"rendered":"Fribourg&#8217;s regional charter &#8220;Cuisinons notre r\u00e9gion&#8221; (Let&#8217;s cook locally)"},"content":{"rendered":"\n<h2 class=\"wp-block-heading\">Novae signs the canton of Fribourg&#8217;s &#8220;Let&#8217;s cook locally&#8221; charter<\/h2>\n\n\n\n<p>On May 19, 2022, the 5 restaurants managed by Novae in the canton of Fribourg all signed the &#8220;Let&#8217;s cook locally&#8221; charter drawn up and supported by various departments in the canton.<\/p>\n\n\n\n<p>Including the following restaurants:<\/p>\n\n\n\n<p>\u25cf Le Terminus (TPF restaurant in Givisiez)<\/p>\n\n\n\n<p>\u25cf Le Plexus (Groupe E restaurant in Granges-Paccot)<\/p>\n\n\n\n<p>\u25cf UCB Farchim restaurant in Bulle<\/p>\n\n\n\n<p>\u25cf Le Vivier restaurant in Villaz-St-Pierre<\/p>\n\n\n\n<p>\u25cf The Nespresso restaurant in Romont<\/p>\n\n\n\n<p>Joining this charter entails a commitment to cook and to honor local products and, more broadly, to respect the principles of an envronmentally sustainable and balanced diet (by favoring seasonal products, labels, developing plant-based alternatives&#8230;). The signatory restaurants are monitored by the Terroir Fribourg association, benefit from training courses, and commit to new objectives each year in order to move toward greater environmental sustainability and to increase the proportion of local products offered.<\/p>\n\n\n\n<p>This commitment by Novae&#8217;s Fribourg restaurants is perfectly in line with the &#8220;ultra-local&#8221; sourcing objective defended by Novae, and is responsible for the autonomy of our chefs and our direct partnerships with farmers &#8212; without intermediaries or central purchasing agencies &#8212; the very strength of our model in the world of collective catering.<\/p>\n","protected":false},"author":5,"featured_media":2619,"template":"","news_category":[52],"class_list":["post-2989","news","type-news","status-publish","has-post-thumbnail","hentry","news_category-novae-news-en"],"acf":[],"yoast_head":"<!-- This site is optimized with the Yoast SEO plugin v27.2 - https:\/\/yoast.com\/product\/yoast-seo-wordpress\/ -->\n<title>Fribourg&#039;s regional charter &quot;Cuisinons notre r\u00e9gion&quot; (Let&#039;s cook locally)<\/title>\n<meta name=\"description\" content=\"Novae signs the canton of Fribourg&#039;s &quot;Let&#039;s cook locally&quot; charter\" \/>\n<meta name=\"robots\" content=\"index, follow, max-snippet:-1, max-image-preview:large, max-video-preview:-1\" \/>\n<link rel=\"canonical\" href=\"https:\/\/novae.ch\/en\/actualite\/fribourgs-regional-charter-cuisinons-notre-region-lets-cook-locally\/\" \/>\n<meta property=\"og:locale\" content=\"en_US\" \/>\n<meta property=\"og:type\" content=\"article\" \/>\n<meta property=\"og:title\" content=\"Charte du terroir Fribourg \u00abcuisinons notre r\u00e9gion\u00bb\" \/>\n<meta property=\"og:description\" content=\"Les 5 restaurants Novae du canton de Fribourg ont sign\u00e9 une charte qui valorise les produits locaux et une alimentation durable et \u00e9quilibr\u00e9e.\" \/>\n<meta property=\"og:url\" content=\"https:\/\/novae.ch\/en\/actualite\/fribourgs-regional-charter-cuisinons-notre-region-lets-cook-locally\/\" \/>\n<meta property=\"og:site_name\" content=\"Novae\" \/>\n<meta property=\"article:modified_time\" content=\"2023-07-11T13:50:27+00:00\" \/>\n<meta property=\"og:image\" content=\"https:\/\/novae.ch\/wp-content\/uploads\/2023\/05\/terroir-fribourg-cuisinons-notre-region..png\" \/>\n\t<meta property=\"og:image:width\" content=\"1513\" \/>\n\t<meta property=\"og:image:height\" content=\"938\" \/>\n\t<meta property=\"og:image:type\" content=\"image\/png\" \/>\n<meta name=\"twitter:card\" content=\"summary_large_image\" \/>\n<meta name=\"twitter:title\" content=\"Charte du terroir Fribourg \u00abcuisinons notre r\u00e9gion\u00bb\" \/>\n<meta name=\"twitter:description\" content=\"Les 5 restaurants Novae du canton de Fribourg ont sign\u00e9 une charte qui valorise les produits locaux et une alimentation durable et \u00e9quilibr\u00e9e.\" \/>\n<meta name=\"twitter:image\" content=\"https:\/\/novae.ch\/wp-content\/uploads\/2023\/05\/terroir-fribourg-cuisinons-notre-region..png\" \/>\n<meta name=\"twitter:label1\" content=\"Est. reading time\" \/>\n\t<meta name=\"twitter:data1\" content=\"2 minutes\" \/>\n<script type=\"application\/ld+json\" class=\"yoast-schema-graph\">{\"@context\":\"https:\/\/schema.org\",\"@graph\":[{\"@type\":\"WebPage\",\"@id\":\"https:\/\/novae.ch\/en\/actualite\/fribourgs-regional-charter-cuisinons-notre-region-lets-cook-locally\/\",\"url\":\"https:\/\/novae.ch\/en\/actualite\/fribourgs-regional-charter-cuisinons-notre-region-lets-cook-locally\/\",\"name\":\"Fribourg's regional charter \\\"Cuisinons notre r\u00e9gion\\\" (Let's cook locally)\",\"isPartOf\":{\"@id\":\"https:\/\/novae.ch\/en\/#website\"},\"primaryImageOfPage\":{\"@id\":\"https:\/\/novae.ch\/en\/actualite\/fribourgs-regional-charter-cuisinons-notre-region-lets-cook-locally\/#primaryimage\"},\"image\":{\"@id\":\"https:\/\/novae.ch\/en\/actualite\/fribourgs-regional-charter-cuisinons-notre-region-lets-cook-locally\/#primaryimage\"},\"thumbnailUrl\":\"https:\/\/novae.ch\/wp-content\/uploads\/2023\/05\/charte-du-terroir-fribourg..png\",\"datePublished\":\"2023-05-31T13:12:29+00:00\",\"dateModified\":\"2023-07-11T13:50:27+00:00\",\"description\":\"Novae signs the canton of Fribourg's \\\"Let's cook locally\\\" charter\",\"breadcrumb\":{\"@id\":\"https:\/\/novae.ch\/en\/actualite\/fribourgs-regional-charter-cuisinons-notre-region-lets-cook-locally\/#breadcrumb\"},\"inLanguage\":\"en-US\",\"potentialAction\":[{\"@type\":\"ReadAction\",\"target\":[\"https:\/\/novae.ch\/en\/actualite\/fribourgs-regional-charter-cuisinons-notre-region-lets-cook-locally\/\"]}]},{\"@type\":\"ImageObject\",\"inLanguage\":\"en-US\",\"@id\":\"https:\/\/novae.ch\/en\/actualite\/fribourgs-regional-charter-cuisinons-notre-region-lets-cook-locally\/#primaryimage\",\"url\":\"https:\/\/novae.ch\/wp-content\/uploads\/2023\/05\/charte-du-terroir-fribourg..png\",\"contentUrl\":\"https:\/\/novae.ch\/wp-content\/uploads\/2023\/05\/charte-du-terroir-fribourg..png\",\"width\":784,\"height\":1238},{\"@type\":\"BreadcrumbList\",\"@id\":\"https:\/\/novae.ch\/en\/actualite\/fribourgs-regional-charter-cuisinons-notre-region-lets-cook-locally\/#breadcrumb\",\"itemListElement\":[{\"@type\":\"ListItem\",\"position\":1,\"name\":\"Accueil\",\"item\":\"https:\/\/novae.ch\/en\/\"},{\"@type\":\"ListItem\",\"position\":2,\"name\":\"Actualit\u00e9s\",\"item\":\"https:\/\/novae.ch\/en\/actualite\/\"},{\"@type\":\"ListItem\",\"position\":3,\"name\":\"Fribourg&rsquo;s regional charter \u00ab\u00a0Cuisinons notre r\u00e9gion\u00a0\u00bb (Let&rsquo;s cook locally)\"}]},{\"@type\":\"WebSite\",\"@id\":\"https:\/\/novae.ch\/en\/#website\",\"url\":\"https:\/\/novae.ch\/en\/\",\"name\":\"Novae\",\"description\":\"Partisans du go\u00fbt\",\"potentialAction\":[{\"@type\":\"SearchAction\",\"target\":{\"@type\":\"EntryPoint\",\"urlTemplate\":\"https:\/\/novae.ch\/en\/?s={search_term_string}\"},\"query-input\":{\"@type\":\"PropertyValueSpecification\",\"valueRequired\":true,\"valueName\":\"search_term_string\"}}],\"inLanguage\":\"en-US\"}]}<\/script>\n<!-- \/ Yoast SEO plugin. -->","yoast_head_json":{"title":"Fribourg's regional charter \"Cuisinons notre r\u00e9gion\" (Let's cook locally)","description":"Novae signs the canton of Fribourg's \"Let's cook locally\" charter","robots":{"index":"index","follow":"follow","max-snippet":"max-snippet:-1","max-image-preview":"max-image-preview:large","max-video-preview":"max-video-preview:-1"},"canonical":"https:\/\/novae.ch\/en\/actualite\/fribourgs-regional-charter-cuisinons-notre-region-lets-cook-locally\/","og_locale":"en_US","og_type":"article","og_title":"Charte du terroir Fribourg \u00abcuisinons notre r\u00e9gion\u00bb","og_description":"Les 5 restaurants Novae du canton de Fribourg ont sign\u00e9 une charte qui valorise les produits locaux et une alimentation durable et \u00e9quilibr\u00e9e.","og_url":"https:\/\/novae.ch\/en\/actualite\/fribourgs-regional-charter-cuisinons-notre-region-lets-cook-locally\/","og_site_name":"Novae","article_modified_time":"2023-07-11T13:50:27+00:00","og_image":[{"width":1513,"height":938,"url":"https:\/\/novae.ch\/wp-content\/uploads\/2023\/05\/terroir-fribourg-cuisinons-notre-region..png","type":"image\/png"}],"twitter_card":"summary_large_image","twitter_title":"Charte du terroir Fribourg \u00abcuisinons notre r\u00e9gion\u00bb","twitter_description":"Les 5 restaurants Novae du canton de Fribourg ont sign\u00e9 une charte qui valorise les produits locaux et une alimentation durable et \u00e9quilibr\u00e9e.","twitter_image":"https:\/\/novae.ch\/wp-content\/uploads\/2023\/05\/terroir-fribourg-cuisinons-notre-region..png","twitter_misc":{"Est. reading time":"2 minutes"},"schema":{"@context":"https:\/\/schema.org","@graph":[{"@type":"WebPage","@id":"https:\/\/novae.ch\/en\/actualite\/fribourgs-regional-charter-cuisinons-notre-region-lets-cook-locally\/","url":"https:\/\/novae.ch\/en\/actualite\/fribourgs-regional-charter-cuisinons-notre-region-lets-cook-locally\/","name":"Fribourg's regional charter \"Cuisinons notre r\u00e9gion\" (Let's cook locally)","isPartOf":{"@id":"https:\/\/novae.ch\/en\/#website"},"primaryImageOfPage":{"@id":"https:\/\/novae.ch\/en\/actualite\/fribourgs-regional-charter-cuisinons-notre-region-lets-cook-locally\/#primaryimage"},"image":{"@id":"https:\/\/novae.ch\/en\/actualite\/fribourgs-regional-charter-cuisinons-notre-region-lets-cook-locally\/#primaryimage"},"thumbnailUrl":"https:\/\/novae.ch\/wp-content\/uploads\/2023\/05\/charte-du-terroir-fribourg..png","datePublished":"2023-05-31T13:12:29+00:00","dateModified":"2023-07-11T13:50:27+00:00","description":"Novae signs the canton of Fribourg's \"Let's cook locally\" charter","breadcrumb":{"@id":"https:\/\/novae.ch\/en\/actualite\/fribourgs-regional-charter-cuisinons-notre-region-lets-cook-locally\/#breadcrumb"},"inLanguage":"en-US","potentialAction":[{"@type":"ReadAction","target":["https:\/\/novae.ch\/en\/actualite\/fribourgs-regional-charter-cuisinons-notre-region-lets-cook-locally\/"]}]},{"@type":"ImageObject","inLanguage":"en-US","@id":"https:\/\/novae.ch\/en\/actualite\/fribourgs-regional-charter-cuisinons-notre-region-lets-cook-locally\/#primaryimage","url":"https:\/\/novae.ch\/wp-content\/uploads\/2023\/05\/charte-du-terroir-fribourg..png","contentUrl":"https:\/\/novae.ch\/wp-content\/uploads\/2023\/05\/charte-du-terroir-fribourg..png","width":784,"height":1238},{"@type":"BreadcrumbList","@id":"https:\/\/novae.ch\/en\/actualite\/fribourgs-regional-charter-cuisinons-notre-region-lets-cook-locally\/#breadcrumb","itemListElement":[{"@type":"ListItem","position":1,"name":"Accueil","item":"https:\/\/novae.ch\/en\/"},{"@type":"ListItem","position":2,"name":"Actualit\u00e9s","item":"https:\/\/novae.ch\/en\/actualite\/"},{"@type":"ListItem","position":3,"name":"Fribourg&rsquo;s regional charter \u00ab\u00a0Cuisinons notre r\u00e9gion\u00a0\u00bb (Let&rsquo;s cook locally)"}]},{"@type":"WebSite","@id":"https:\/\/novae.ch\/en\/#website","url":"https:\/\/novae.ch\/en\/","name":"Novae","description":"Partisans du go\u00fbt","potentialAction":[{"@type":"SearchAction","target":{"@type":"EntryPoint","urlTemplate":"https:\/\/novae.ch\/en\/?s={search_term_string}"},"query-input":{"@type":"PropertyValueSpecification","valueRequired":true,"valueName":"search_term_string"}}],"inLanguage":"en-US"}]}},"jetpack_sharing_enabled":true,"_links":{"self":[{"href":"https:\/\/novae.ch\/en\/wp-json\/wp\/v2\/news\/2989","targetHints":{"allow":["GET"]}}],"collection":[{"href":"https:\/\/novae.ch\/en\/wp-json\/wp\/v2\/news"}],"about":[{"href":"https:\/\/novae.ch\/en\/wp-json\/wp\/v2\/types\/news"}],"author":[{"embeddable":true,"href":"https:\/\/novae.ch\/en\/wp-json\/wp\/v2\/users\/5"}],"wp:featuredmedia":[{"embeddable":true,"href":"https:\/\/novae.ch\/en\/wp-json\/wp\/v2\/media\/2619"}],"wp:attachment":[{"href":"https:\/\/novae.ch\/en\/wp-json\/wp\/v2\/media?parent=2989"}],"wp:term":[{"taxonomy":"news_category","embeddable":true,"href":"https:\/\/novae.ch\/en\/wp-json\/wp\/v2\/news_category?post=2989"}],"curies":[{"name":"wp","href":"https:\/\/api.w.org\/{rel}","templated":true}]}}