{"id":4444,"date":"2025-02-03T13:37:21","date_gmt":"2025-02-03T12:37:21","guid":{"rendered":"https:\/\/novae.ch\/actualite\/impact-social-durable\/"},"modified":"2025-03-05T07:57:26","modified_gmt":"2025-03-05T06:57:26","slug":"impact-social-durable","status":"publish","type":"news","link":"https:\/\/novae.ch\/de\/actualite\/impact-social-durable\/","title":{"rendered":"Nachhaltige soziale Wirkung"},"content":{"rendered":"\n<p class=\"has-large-font-size\"><strong><strong><strong><mark style=\"background-color:rgba(0, 0, 0, 0);color:#d5006b\" class=\"has-inline-color\">Unsere Teams im Einsatz<\/mark><\/strong><\/strong><\/strong><\/p>\n\n\n\n<div style=\"height:100px\" aria-hidden=\"true\" class=\"wp-block-spacer\"><\/div>\n\n\n\n<p>Bei Novae sind wir stolz auf unser globales Engagement f\u00fcr eine nachhaltige Entwicklung in allen Belangen. Unsere gesamte Vision beruht auf drei Grundpfeilern: Wir achten unser \u00d6kosystem, unsere Talente und unsere G\u00e4ste.<br>Heute m\u00f6chten wir einen wichtigen Aspekt unserer Arbeit n\u00e4her beleuchten: unsere sozialen und solidarischen Initiativen. Wir sind davon \u00fcberzeugt, dass soziales Engagement ein fester Bestandteil unserer Mission als Unternehmen in der Gemeinschaftsverpflegung ist.<\/p>\n\n\n\n<div style=\"height:100px\" aria-hidden=\"true\" class=\"wp-block-spacer\"><\/div>\n\n\n\n<h2 class=\"wp-block-heading\"><strong>1-Wir sch\u00fctzen unser \u00d6kosystem<\/strong><\/h2>\n\n\n\n<p>Der Schutz unseres lokalen \u00d6kosystems ist eine verantwortungsvolle und sinnstiftende Aufgabe. Dabei setzen wir vor allem auf Massnahmen, die zu unseren T\u00e4tigkeiten in der Schweiz passen \u2013 so unterst\u00fctzen wir z.&nbsp;B. die Landwirtschaft, bek\u00e4mpfen Hunger und Lebensmittelverschwendung und setzen uns f\u00fcr die Wiedereingliederung in den Beruf in der Gastronomiebranche ein.<\/p>\n\n\n\n<p>Dies geschieht auch durch konkrete Initiativen zur St\u00e4rkung unserer Partnerschaften mit den landwirtschaftlichen Akteuren und zum Schutz unserer nat\u00fcrlichen Ressourcen. Unsere Teams beteiligen sich aktiv an Projekten zur F\u00f6rderung einer nachhaltigen Landwirtschaft, die die Umwelt schont.<\/p>\n\n\n\n<div style=\"height:36px\" aria-hidden=\"true\" class=\"wp-block-spacer\"><\/div>\n\n\n\n<p><strong><strong>Markante Beispiele:<\/strong><\/strong><\/p>\n\n\n\n<div class=\"wp-block-media-text is-stacked-on-mobile\" style=\"grid-template-columns:26% auto\"><figure class=\"wp-block-media-text__media\"><img decoding=\"async\" width=\"729\" height=\"547\" src=\"https:\/\/novae.ch\/wp-content\/uploads\/2025\/02\/blog-travail-a-la-ferme..jpg\" alt=\"\" class=\"wp-image-4431 size-full\" srcset=\"https:\/\/novae.ch\/wp-content\/uploads\/2025\/02\/blog-travail-a-la-ferme..jpg 729w, https:\/\/novae.ch\/wp-content\/uploads\/2025\/02\/blog-travail-a-la-ferme.-300x225.jpg 300w\" sizes=\"(max-width: 729px) 100vw, 729px\" \/><\/figure><div class=\"wp-block-media-text__content\"><\/div><\/div>\n\n\n\n<div class=\"wp-block-media-text has-media-on-the-right is-stacked-on-mobile\" style=\"grid-template-columns:auto 17%\"><div class=\"wp-block-media-text__content\">\n<p><strong><em><a href=\"https:\/\/novae.ch\/actualite\/legumerie-bio-suisse\/\" target=\"_blank\" rel=\"noreferrer noopener\"><\/a><a href=\"https:\/\/novae.ch\/actualite\/legumerie-bio-suisse\/\" target=\"_blank\" rel=\"noreferrer noopener\"><strong><em>Sozialer Bio-Gem\u00fcseanbau<\/em><\/strong><\/a><\/em><\/strong><em>: <em>Unterst\u00fctzung der ersten Verarbeitungsanlage f\u00fcr Obst und Gem\u00fcse aus biologischem Anbau und \u00abHors Calibres\u00bb in der Westschweiz \u00fcber unseren Hilfsfonds f\u00fcr landwirtschaftliche Erzeuger.<\/em><\/em><\/p>\n<\/div><figure class=\"wp-block-media-text__media\"><img decoding=\"async\" width=\"272\" height=\"362\" src=\"https:\/\/novae.ch\/wp-content\/uploads\/2025\/02\/blog-legumerie-bio..jpg\" alt=\"\" class=\"wp-image-4428 size-full\" srcset=\"https:\/\/novae.ch\/wp-content\/uploads\/2025\/02\/blog-legumerie-bio..jpg 272w, https:\/\/novae.ch\/wp-content\/uploads\/2025\/02\/blog-legumerie-bio.-225x300.jpg 225w\" sizes=\"(max-width: 272px) 100vw, 272px\" \/><\/figure><\/div>\n\n\n\n<div class=\"wp-block-media-text is-stacked-on-mobile\" style=\"grid-template-columns:31% auto\"><figure class=\"wp-block-media-text__media\"><img decoding=\"async\" width=\"342\" height=\"176\" src=\"https:\/\/novae.ch\/wp-content\/uploads\/2025\/02\/blog-food-save..jpg\" alt=\"\" class=\"wp-image-4425 size-full\" srcset=\"https:\/\/novae.ch\/wp-content\/uploads\/2025\/02\/blog-food-save..jpg 342w, https:\/\/novae.ch\/wp-content\/uploads\/2025\/02\/blog-food-save.-300x154.jpg 300w\" sizes=\"(max-width: 342px) 100vw, 342px\" \/><\/figure><div class=\"wp-block-media-text__content\">\n<p><strong><em>Banquet FoodSave<\/em><\/strong><em>: <em>Unsere K\u00fcchenchefs haben unverkaufte Zutaten veredelt und eine Mahlzeit f\u00fcr 150 G\u00e4ste angeboten, die daf\u00fcr geben sollten, was sie f\u00fcr angemessen erachten. So haben sie zusammen mit dem Food-Waste-Verband das Bewusstsein der Verbraucher f\u00fcr das Problem der Lebensmittelverschwendung gesch\u00e4rft.<\/em><\/em><\/p>\n<\/div><\/div>\n\n\n\n<p><strong>&gt;&gt; <strong>Mit solchen Initiativen st\u00e4rken wir die Beziehungen zwischen unseren Teams und unseren Partnern in der Landwirtschaft und definieren den Begriff der Partnerschaft neu.<\/strong><\/strong><\/p>\n\n\n\n<div style=\"height:100px\" aria-hidden=\"true\" class=\"wp-block-spacer\"><\/div>\n\n\n\n<h2 class=\"wp-block-heading\"><strong>2-Wir k\u00fcmmern uns um unsere Talente<\/strong><\/h2>\n\n\n\n<p>Unsere Mitarbeiterinnen und Mitarbeiter bringen Ver\u00e4nderungen voran. Ihr Engagement wird unterst\u00fctzt durch ein bezahltes Volontariat, bei dem ein Tag pro Jahr f\u00fcr Solidarit\u00e4tsaktionen aufgewendet wird. So schaffen wir Gelegenheiten, bei denen sie sich konkret f\u00fcr die Anliegen unserer Mission einsetzen k\u00f6nnen und bei denen ihre Interessen und beruflichen Kompetenzen gef\u00f6rdert werden.<\/p>\n\n\n\n<p><strong><em><strong><em>Unser bezahltes Volontariatsprogramm:<\/em><\/strong><\/em><\/strong><br>Seit der Verabschiedung unserer \u00absozialen Massnahmencharta\u00bb 2022 ist jeder Mitarbeiter berechtigt, einen von Novae bezahlten Arbeitstag j\u00e4hrlich einem gemeinn\u00fctzigen Zweck zu widmen. Unter anderem bieten wir in diesem Rahmen folgende T\u00e4tigkeiten an:<\/p>\n\n\n\n<ul class=\"wp-block-list\">\n<li>Ausgabe von \u00absolidarischen Suppen\u00bb an den Tafeln<\/li>\n\n\n\n<li>Unterst\u00fctzung unserer landwirtschaftlichen Produzenten je nach saisonalem Bedarf<\/li>\n\n\n\n<li>Teilnahme an Gemeinschaftsverk\u00f6stigungen f\u00fcr bed\u00fcrftige oder sozial isolierte Personen.<\/li>\n<\/ul>\n\n\n\n<div style=\"height:37px\" aria-hidden=\"true\" class=\"wp-block-spacer\"><\/div>\n\n\n\n<figure class=\"wp-block-image size-full\"><img decoding=\"async\" width=\"950\" height=\"250\" src=\"https:\/\/novae.ch\/wp-content\/uploads\/2025\/03\/blog-infographie-actions-sociales-de..png\" alt=\"blog infographie actions sociales (de)\" class=\"wp-image-4461\" srcset=\"https:\/\/novae.ch\/wp-content\/uploads\/2025\/03\/blog-infographie-actions-sociales-de..png 950w, https:\/\/novae.ch\/wp-content\/uploads\/2025\/03\/blog-infographie-actions-sociales-de.-300x79.png 300w, https:\/\/novae.ch\/wp-content\/uploads\/2025\/03\/blog-infographie-actions-sociales-de.-768x202.png 768w\" sizes=\"(max-width: 950px) 100vw, 950px\" \/><\/figure>\n\n\n\n<div style=\"height:37px\" aria-hidden=\"true\" class=\"wp-block-spacer\"><\/div>\n\n\n\n<p><strong>Markante<\/strong> <strong><strong>Beispiele<\/strong>:<\/strong><\/p>\n\n\n\n<div class=\"wp-block-media-text has-media-on-the-right is-stacked-on-mobile\" style=\"grid-template-columns:auto 18%\"><div class=\"wp-block-media-text__content\">\n<p><strong>Refettorio in Genf<\/strong>: Zweimal j\u00e4hrlich bereiten unsere K\u00fcchenchefs Mahlzeiten f\u00fcr 80&nbsp;bed\u00fcrftige Personen zu.<\/p>\n<\/div><figure class=\"wp-block-media-text__media\"><img decoding=\"async\" width=\"554\" height=\"738\" src=\"https:\/\/novae.ch\/wp-content\/uploads\/2025\/02\/blog-refettorio..jpg\" alt=\"\" class=\"wp-image-4422 size-full\" srcset=\"https:\/\/novae.ch\/wp-content\/uploads\/2025\/02\/blog-refettorio..jpg 554w, https:\/\/novae.ch\/wp-content\/uploads\/2025\/02\/blog-refettorio.-225x300.jpg 225w\" sizes=\"(max-width: 554px) 100vw, 554px\" \/><\/figure><\/div>\n\n\n\n<div class=\"wp-block-media-text is-stacked-on-mobile\" style=\"grid-template-columns:23% auto\"><figure class=\"wp-block-media-text__media\"><img decoding=\"async\" width=\"739\" height=\"555\" src=\"https:\/\/novae.ch\/wp-content\/uploads\/2025\/02\/blog-bourse-a-travail..jpg\" alt=\"\" class=\"wp-image-4419 size-full\" srcset=\"https:\/\/novae.ch\/wp-content\/uploads\/2025\/02\/blog-bourse-a-travail..jpg 739w, https:\/\/novae.ch\/wp-content\/uploads\/2025\/02\/blog-bourse-a-travail.-300x225.jpg 300w\" sizes=\"(max-width: 739px) 100vw, 739px\" \/><\/figure><div class=\"wp-block-media-text__content\">\n<p><em><strong><em>Stellenb\u00f6rse<\/em><\/strong><em>: Aufnahme von zehn migrantischen Auszubildenden in der K\u00fcche, um sie an professionellem Material zu schulen. Zweimal j\u00e4hrlich bereiten sie eine Mahlzeit f\u00fcr knapp 40 Personen zu und servieren sie auch. Der Erl\u00f6s kommt dem Verband zugute.<\/em>&nbsp;<\/em><\/p>\n<\/div><\/div>\n\n\n\n<p><strong>&gt;&gt; <strong>Bei diesen Initiativen k\u00f6nnen sich unsere Teams weiterentwickeln, sich auf ihre St\u00e4rken konzentrieren und an sinnstiftenden Projekten mitwirken.<\/strong><\/strong><\/p>\n\n\n\n<div style=\"height:100px\" aria-hidden=\"true\" class=\"wp-block-spacer\"><\/div>\n\n\n\n<h2 class=\"wp-block-heading\"><strong>3-Wir k\u00fcmmern uns um unsere G\u00e4ste<\/strong><\/h2>\n\n\n\n<p>Schliesslich werden durch alle unsere sozialen Initiativen neue Verbindungen geschaffen. Meist dienen sie auch unseren gemeinsamen Zielen mit Kunden und G\u00e4sten. Besonders sch\u00e4tzen wir die enge Zusammenarbeit mit ihnen, um unsere Massnahmen umzusetzen.<\/p>\n\n\n\n<p><strong><strong>Markante Beispiele<\/strong>:<\/strong><\/p>\n\n\n\n<div class=\"wp-block-media-text has-media-on-the-right is-stacked-on-mobile\" style=\"grid-template-columns:auto 22%\"><div class=\"wp-block-media-text__content\">\n<p><em><strong><strong><em>Solidarische Suppe<\/em><\/strong><\/strong>: <em>5.000 Liter Suppe wurden im Winter 2023\/2024 an den Tafeln in den Kantonen Waadt, Genf, Wallis und Freiburg von den Mitarbeitern von Novae und Freiwilligen zubereitet und ausgegeben.<\/em><\/em><\/p>\n<\/div><figure class=\"wp-block-media-text__media\"><img decoding=\"async\" width=\"633\" height=\"620\" src=\"https:\/\/novae.ch\/wp-content\/uploads\/2025\/02\/bog-soupe-solidaire..jpg\" alt=\"\" class=\"wp-image-4437 size-full\" srcset=\"https:\/\/novae.ch\/wp-content\/uploads\/2025\/02\/bog-soupe-solidaire..jpg 633w, https:\/\/novae.ch\/wp-content\/uploads\/2025\/02\/bog-soupe-solidaire.-300x294.jpg 300w, https:\/\/novae.ch\/wp-content\/uploads\/2025\/02\/bog-soupe-solidaire.-50x50.jpg 50w, https:\/\/novae.ch\/wp-content\/uploads\/2025\/02\/bog-soupe-solidaire.-40x40.jpg 40w\" sizes=\"(max-width: 633px) 100vw, 633px\" \/><\/figure><\/div>\n\n\n\n<div class=\"wp-block-media-text is-stacked-on-mobile\" style=\"grid-template-columns:25% auto\"><figure class=\"wp-block-media-text__media\"><img decoding=\"async\" width=\"274\" height=\"205\" src=\"https:\/\/novae.ch\/wp-content\/uploads\/2025\/02\/blog-fete-du-village-aigues-vertes..jpg\" alt=\"\" class=\"wp-image-4434 size-full\"\/><\/figure><div class=\"wp-block-media-text__content\">\n<p><em><strong><em>Sommerfest in Aigues-Vertes und sommerliches Afterwork<\/em><\/strong><em>: Aktive Mitwirkung in Organisation und Service bei den Sommerveranstaltungen der Fondation Village in Aigues-Vertes in Zusammenarbeit mit den Bewohnern des Ortes. Unsere Teams sind auch bei den Dorffesten und den Weihnachtsfeiern der Stiftung im Einsatz.<\/em><\/em><\/p>\n<\/div><\/div>\n\n\n\n<p><strong>&gt;&gt; <strong>Diese Initiativen zeigen unseren Willen, Momente des Teilens und der Solidarit\u00e4t zu schaffen \u2013 ganz im Einklang mit unserem Ziel, K\u00f6rper und Geist zu n\u00e4hren.<\/strong><\/strong><\/p>\n\n\n\n<div style=\"height:100px\" aria-hidden=\"true\" class=\"wp-block-spacer\"><\/div>\n\n\n\n<h2 class=\"wp-block-heading\"><strong><strong>Gemeinsam f\u00fcr eine nachhaltige Wirkung<\/strong><\/strong><\/h2>\n\n\n\n<p>Jede Massnahme z\u00e4hlt! Ob als Kunde, Mitarbeiter oder Partner \u2013 Sie sind ein Schl\u00fcsselakteur in diesem sozialen und nachhaltigen \u00d6kosystem. Schliessen Sie sich uns an, um auch in Zukunft zu einer menschlicheren, solidarischeren und verantwortungsvolleren Gemeinschaftsverpflegung beizutragen.<\/p>\n\n\n\n<p><mark style=\"background-color:rgba(0, 0, 0, 0);color:#96945c\" class=\"has-inline-color\"><strong>W\u00fcnschen Sie weitere Informationen oder m\u00f6chten Sie uns neue Massnahmen vorschlagen?<\/strong>\u00a0Dann sprechen Sie uns an!<\/mark><\/p>\n\n\n\n<p><\/p>\n","protected":false},"author":5,"featured_media":4467,"template":"","news_category":[68],"class_list":["post-4444","news","type-news","status-publish","has-post-thumbnail","hentry","news_category-engagements-novae-de"],"acf":[],"yoast_head":"<!-- This site is optimized with the Yoast SEO plugin v27.5 - https:\/\/yoast.com\/product\/yoast-seo-wordpress\/ -->\n<title>Nachhaltige soziale Wirkung | Novae<\/title>\n<meta name=\"description\" content=\"Chez Novae, nous sommes fiers de porter un engagement global en faveur du d\u00e9veloppement durable dans tous ses aspects\" \/>\n<meta name=\"robots\" content=\"index, follow, max-snippet:-1, max-image-preview:large, max-video-preview:-1\" \/>\n<link rel=\"canonical\" href=\"https:\/\/novae.ch\/de\/actualite\/impact-social-durable\/\" \/>\n<meta property=\"og:locale\" content=\"de_DE\" \/>\n<meta property=\"og:type\" content=\"article\" \/>\n<meta property=\"og:title\" content=\"Nachhaltige soziale Wirkung | Novae\" \/>\n<meta property=\"og:description\" content=\"Chez Novae, nous sommes fiers de porter un engagement global en faveur du d\u00e9veloppement durable dans tous ses aspects\" \/>\n<meta property=\"og:url\" content=\"https:\/\/novae.ch\/de\/actualite\/impact-social-durable\/\" \/>\n<meta property=\"og:site_name\" content=\"Novae\" \/>\n<meta property=\"article:modified_time\" content=\"2025-03-05T06:57:26+00:00\" \/>\n<meta property=\"og:image\" content=\"https:\/\/novae.ch\/wp-content\/uploads\/2025\/03\/actions-sociales-actualite-de..png\" \/>\n\t<meta property=\"og:image:width\" content=\"705\" \/>\n\t<meta property=\"og:image:height\" content=\"1115\" \/>\n\t<meta property=\"og:image:type\" content=\"image\/png\" \/>\n<meta name=\"twitter:card\" content=\"summary_large_image\" \/>\n<meta name=\"twitter:label1\" content=\"Gesch\u00e4tzte Lesezeit\" \/>\n\t<meta name=\"twitter:data1\" content=\"6 Minute\" \/>\n<script type=\"application\/ld+json\" class=\"yoast-schema-graph\">{\"@context\":\"https:\\\/\\\/schema.org\",\"@graph\":[{\"@type\":\"WebPage\",\"@id\":\"https:\\\/\\\/novae.ch\\\/de\\\/actualite\\\/impact-social-durable\\\/\",\"url\":\"https:\\\/\\\/novae.ch\\\/de\\\/actualite\\\/impact-social-durable\\\/\",\"name\":\"Nachhaltige soziale Wirkung | Novae\",\"isPartOf\":{\"@id\":\"https:\\\/\\\/novae.ch\\\/de\\\/#website\"},\"primaryImageOfPage\":{\"@id\":\"https:\\\/\\\/novae.ch\\\/de\\\/actualite\\\/impact-social-durable\\\/#primaryimage\"},\"image\":{\"@id\":\"https:\\\/\\\/novae.ch\\\/de\\\/actualite\\\/impact-social-durable\\\/#primaryimage\"},\"thumbnailUrl\":\"https:\\\/\\\/novae.ch\\\/wp-content\\\/uploads\\\/2025\\\/03\\\/actions-sociales-actualite-de..png\",\"datePublished\":\"2025-02-03T12:37:21+00:00\",\"dateModified\":\"2025-03-05T06:57:26+00:00\",\"description\":\"Chez Novae, nous sommes fiers de porter un engagement global en faveur du d\u00e9veloppement durable dans tous ses aspects\",\"breadcrumb\":{\"@id\":\"https:\\\/\\\/novae.ch\\\/de\\\/actualite\\\/impact-social-durable\\\/#breadcrumb\"},\"inLanguage\":\"de-CH\",\"potentialAction\":[{\"@type\":\"ReadAction\",\"target\":[\"https:\\\/\\\/novae.ch\\\/de\\\/actualite\\\/impact-social-durable\\\/\"]}]},{\"@type\":\"ImageObject\",\"inLanguage\":\"de-CH\",\"@id\":\"https:\\\/\\\/novae.ch\\\/de\\\/actualite\\\/impact-social-durable\\\/#primaryimage\",\"url\":\"https:\\\/\\\/novae.ch\\\/wp-content\\\/uploads\\\/2025\\\/03\\\/actions-sociales-actualite-de..png\",\"contentUrl\":\"https:\\\/\\\/novae.ch\\\/wp-content\\\/uploads\\\/2025\\\/03\\\/actions-sociales-actualite-de..png\",\"width\":705,\"height\":1115,\"caption\":\"Actions sociales - actualit\u00e9 (de)\"},{\"@type\":\"BreadcrumbList\",\"@id\":\"https:\\\/\\\/novae.ch\\\/de\\\/actualite\\\/impact-social-durable\\\/#breadcrumb\",\"itemListElement\":[{\"@type\":\"ListItem\",\"position\":1,\"name\":\"Accueil\",\"item\":\"https:\\\/\\\/novae.ch\\\/de\\\/\"},{\"@type\":\"ListItem\",\"position\":2,\"name\":\"Actualit\u00e9s\",\"item\":\"https:\\\/\\\/novae.ch\\\/de\\\/actualite\\\/\"},{\"@type\":\"ListItem\",\"position\":3,\"name\":\"Nachhaltige soziale Wirkung\"}]},{\"@type\":\"WebSite\",\"@id\":\"https:\\\/\\\/novae.ch\\\/de\\\/#website\",\"url\":\"https:\\\/\\\/novae.ch\\\/de\\\/\",\"name\":\"Novae\",\"description\":\"Partisans du go\u00fbt\",\"potentialAction\":[{\"@type\":\"SearchAction\",\"target\":{\"@type\":\"EntryPoint\",\"urlTemplate\":\"https:\\\/\\\/novae.ch\\\/de\\\/?s={search_term_string}\"},\"query-input\":{\"@type\":\"PropertyValueSpecification\",\"valueRequired\":true,\"valueName\":\"search_term_string\"}}],\"inLanguage\":\"de-CH\"}]}<\/script>\n<!-- \/ Yoast SEO plugin. -->","yoast_head_json":{"title":"Nachhaltige soziale Wirkung | Novae","description":"Chez Novae, nous sommes fiers de porter un engagement global en faveur du d\u00e9veloppement durable dans tous ses aspects","robots":{"index":"index","follow":"follow","max-snippet":"max-snippet:-1","max-image-preview":"max-image-preview:large","max-video-preview":"max-video-preview:-1"},"canonical":"https:\/\/novae.ch\/de\/actualite\/impact-social-durable\/","og_locale":"de_DE","og_type":"article","og_title":"Nachhaltige soziale Wirkung | Novae","og_description":"Chez Novae, nous sommes fiers de porter un engagement global en faveur du d\u00e9veloppement durable dans tous ses aspects","og_url":"https:\/\/novae.ch\/de\/actualite\/impact-social-durable\/","og_site_name":"Novae","article_modified_time":"2025-03-05T06:57:26+00:00","og_image":[{"width":705,"height":1115,"url":"https:\/\/novae.ch\/wp-content\/uploads\/2025\/03\/actions-sociales-actualite-de..png","type":"image\/png"}],"twitter_card":"summary_large_image","twitter_misc":{"Gesch\u00e4tzte Lesezeit":"6 Minute"},"schema":{"@context":"https:\/\/schema.org","@graph":[{"@type":"WebPage","@id":"https:\/\/novae.ch\/de\/actualite\/impact-social-durable\/","url":"https:\/\/novae.ch\/de\/actualite\/impact-social-durable\/","name":"Nachhaltige soziale Wirkung | Novae","isPartOf":{"@id":"https:\/\/novae.ch\/de\/#website"},"primaryImageOfPage":{"@id":"https:\/\/novae.ch\/de\/actualite\/impact-social-durable\/#primaryimage"},"image":{"@id":"https:\/\/novae.ch\/de\/actualite\/impact-social-durable\/#primaryimage"},"thumbnailUrl":"https:\/\/novae.ch\/wp-content\/uploads\/2025\/03\/actions-sociales-actualite-de..png","datePublished":"2025-02-03T12:37:21+00:00","dateModified":"2025-03-05T06:57:26+00:00","description":"Chez Novae, nous sommes fiers de porter un engagement global en faveur du d\u00e9veloppement durable dans tous ses aspects","breadcrumb":{"@id":"https:\/\/novae.ch\/de\/actualite\/impact-social-durable\/#breadcrumb"},"inLanguage":"de-CH","potentialAction":[{"@type":"ReadAction","target":["https:\/\/novae.ch\/de\/actualite\/impact-social-durable\/"]}]},{"@type":"ImageObject","inLanguage":"de-CH","@id":"https:\/\/novae.ch\/de\/actualite\/impact-social-durable\/#primaryimage","url":"https:\/\/novae.ch\/wp-content\/uploads\/2025\/03\/actions-sociales-actualite-de..png","contentUrl":"https:\/\/novae.ch\/wp-content\/uploads\/2025\/03\/actions-sociales-actualite-de..png","width":705,"height":1115,"caption":"Actions sociales - actualit\u00e9 (de)"},{"@type":"BreadcrumbList","@id":"https:\/\/novae.ch\/de\/actualite\/impact-social-durable\/#breadcrumb","itemListElement":[{"@type":"ListItem","position":1,"name":"Accueil","item":"https:\/\/novae.ch\/de\/"},{"@type":"ListItem","position":2,"name":"Actualit\u00e9s","item":"https:\/\/novae.ch\/de\/actualite\/"},{"@type":"ListItem","position":3,"name":"Nachhaltige soziale Wirkung"}]},{"@type":"WebSite","@id":"https:\/\/novae.ch\/de\/#website","url":"https:\/\/novae.ch\/de\/","name":"Novae","description":"Partisans du go\u00fbt","potentialAction":[{"@type":"SearchAction","target":{"@type":"EntryPoint","urlTemplate":"https:\/\/novae.ch\/de\/?s={search_term_string}"},"query-input":{"@type":"PropertyValueSpecification","valueRequired":true,"valueName":"search_term_string"}}],"inLanguage":"de-CH"}]}},"jetpack_sharing_enabled":true,"_links":{"self":[{"href":"https:\/\/novae.ch\/de\/wp-json\/wp\/v2\/news\/4444","targetHints":{"allow":["GET"]}}],"collection":[{"href":"https:\/\/novae.ch\/de\/wp-json\/wp\/v2\/news"}],"about":[{"href":"https:\/\/novae.ch\/de\/wp-json\/wp\/v2\/types\/news"}],"author":[{"embeddable":true,"href":"https:\/\/novae.ch\/de\/wp-json\/wp\/v2\/users\/5"}],"wp:featuredmedia":[{"embeddable":true,"href":"https:\/\/novae.ch\/de\/wp-json\/wp\/v2\/media\/4467"}],"wp:attachment":[{"href":"https:\/\/novae.ch\/de\/wp-json\/wp\/v2\/media?parent=4444"}],"wp:term":[{"taxonomy":"news_category","embeddable":true,"href":"https:\/\/novae.ch\/de\/wp-json\/wp\/v2\/news_category?post=4444"}],"curies":[{"name":"wp","href":"https:\/\/api.w.org\/{rel}","templated":true}]}}